{"id":154,"count":0,"description":"<p style=\"text-align: center;\"><span style=\"font-family: Verdana, Arial, Helvetica; font-size: small;\">Produciamo<\/span><span style=\"font-family: Verdana, Arial, Helvetica; font-size: small;\"> <\/span><span style=\"font-family: Verdana, Arial, Helvetica; font-size: small;\">tutti i generi di<\/span><span style=\"font-family: Verdana, Arial, Helvetica; font-size: small;\"> <\/span><span style=\"font-family: Verdana, Arial, Helvetica; font-size: small;\">accessori per mobili<\/span><span style=\"font-family: Verdana, Arial, Helvetica; font-size: small;\">, <\/span><span style=\"font-family: Verdana, Arial, Helvetica; font-size: small;\">come illustrato di seguito<\/span><span style=\"font-family: Verdana, Arial, Helvetica; font-size: small;\">. <\/span><span style=\"font-family: Verdana, Arial, Helvetica; font-size: small;\">Inviateci le vostre domande<\/span><span style=\"font-family: Verdana, Arial, Helvetica; font-size: small;\"> <\/span><span style=\"font-family: Verdana, Arial, Helvetica; font-size: small;\">attraverso il nostro<\/span><span style=\"font-family: Verdana, Arial, Helvetica; font-size: small;\"> <\/span><span style=\"font-family: Verdana, Arial, Helvetica; font-size: small;\"><a href=\"http:\/\/\">modulo di contatto<\/a><\/span><span style=\"font-family: Verdana, Arial, Helvetica; font-size: small;\"> <\/span><span style=\"font-family: Verdana, Arial, Helvetica; font-size: small;\">e ti prepareremo<\/span><span style=\"font-family: Verdana, Arial, Helvetica; font-size: small;\"> <\/span><span style=\"font-family: Verdana, Arial, Helvetica; font-size: small;\">una valutazione gratuita<\/span><span style=\"font-family: Verdana, Arial, Helvetica; font-size: small;\">.<\/span><\/p> <table style=\"border-collapse: collapse; border-spacing: 0px; font-family: Verdana, Arial, Helvetica; font-size: 12px; line-height: 16px; color: #000000; min-width: 40px; min-height: 40px; width: 400px; height: 400px; border: 2px solid white; text-align: center;\"> <tbody style=\"border-style: solid !important; border-width: inherit !important;\"> <tr style=\"border-style: solid !important; border-width: inherit !important;\"> <td style=\"vertical-align: middle;\"> <p style=\"margin: 0px 0px 6px;\"><img alt=\"manilla.jpg\" src=\"\/WebRoot\/StoreES2\/Shops\/ea7741\/MediaGallery\/Categories\/Mobiliario\/manilla.jpg\" style=\"border: 0px; border-color: inherit !important; border-width: inherit !important;\" \/><\/p> <\/td> <td style=\"vertical-align: middle;\"><img alt=\"piezas_somieres.jpg\" src=\"\/WebRoot\/StoreES2\/Shops\/ea7741\/MediaGallery\/Categories\/Mobiliario\/piezas_somieres.jpg\" style=\"border: 0px; border-color: inherit !important; border-width: inherit !important;\" \/><br \/><\/td> <td style=\"vertical-align: middle;\"><img alt=\"pletina_somier.jpg\" src=\"\/WebRoot\/StoreES2\/Shops\/ea7741\/MediaGallery\/Categories\/Mobiliario\/pletina_somier.jpg\" style=\"border: 0px; border-color: inherit !important; border-width: inherit !important;\" \/><br \/><\/td> <\/tr> <tr style=\"border-style: solid !important; border-width: inherit !important;\"> <td style=\"vertical-align: middle;\"><img alt=\"cuelga_armarios.jpg\" src=\"\/WebRoot\/StoreES2\/Shops\/ea7741\/MediaGallery\/Categories\/Mobiliario\/cuelga_armarios.jpg\" style=\"border: 0px; border-color: inherit !important; border-width: inherit !important;\" \/><br \/><\/td> <td style=\"vertical-align: middle;\"><img alt=\"armarios_empotrados.jpg\" src=\"\/WebRoot\/StoreES2\/Shops\/ea7741\/MediaGallery\/Categories\/Mobiliario\/armarios_empotrados.jpg\" style=\"border: 0px; border-color: inherit !important; border-width: inherit !important;\" \/><br \/><\/td> <td style=\"vertical-align: middle;\"><img alt=\"espiga_2_roscas.jpg\" src=\"\/WebRoot\/StoreES2\/Shops\/ea7741\/MediaGallery\/Categories\/Mobiliario\/espiga_2_roscas.jpg\" style=\"border: 0px; border-color: inherit !important; border-width: inherit !important;\" \/><br \/><\/td> <\/tr> <tr style=\"border-style: solid !important; border-width: inherit !important;\"> <td style=\"vertical-align: middle;\"><img alt=\"escuadra_con_pivote.jpg\" src=\"\/WebRoot\/StoreES2\/Shops\/ea7741\/MediaGallery\/Categories\/Mobiliario\/escuadra_con_pivote.jpg\" style=\"border: 0px; border-color: inherit !important; border-width: inherit !important;\" \/><br \/><\/td> <td style=\"vertical-align: middle;\"><img alt=\"mecanismo_elevacion.jpg\" src=\"\/WebRoot\/StoreES2\/Shops\/ea7741\/MediaGallery\/Categories\/Mobiliario\/mecanismo_elevacion.jpg\" style=\"border: 0px; border-color: inherit !important; border-width: inherit !important;\" \/><br \/><\/td> <td style=\"vertical-align: middle;\"><img alt=\"arquillo_somier.jpg\" src=\"\/WebRoot\/StoreES2\/Shops\/ea7741\/MediaGallery\/Categories\/Mobiliario\/arquillo_somier.jpg\" style=\"border: 0px; border-color: inherit !important; border-width: inherit !important;\" \/><br \/><img alt=\"asa_somier.jpg\" src=\"\/WebRoot\/StoreES2\/Shops\/ea7741\/MediaGallery\/Categories\/Mobiliario\/asa_somier.jpg\" style=\"border: 0px; border-color: inherit !important; border-width: inherit !important;\" \/><br \/><br \/><\/td> <\/tr> <\/tbody> <\/table>","link":"https:\/\/fundicionesgomez.com\/it\/categoria-prodotto\/parti-di-mobili\/","name":"Parti di Mobili","slug":"parti-di-mobili","taxonomy":"product_cat","parent":0,"meta":[],"yoast_head":"<!-- This site is optimized with the Yoast SEO plugin v27.1.1 - https:\/\/yoast.com\/product\/yoast-seo-wordpress\/ -->\n<title>Piecer\u00edo para Mobiliario - FUNDICIONES G\u00d3MEZ, S.A.<\/title>\n<meta name=\"robots\" content=\"index, follow, max-snippet:-1, max-image-preview:large, max-video-preview:-1\" \/>\n<link rel=\"canonical\" href=\"https:\/\/fundicionesgomez.com\/it\/categoria-prodotto\/parti-di-mobili\/\" \/>\n<meta property=\"og:locale\" content=\"it_IT\" \/>\n<meta property=\"og:type\" content=\"article\" \/>\n<meta property=\"og:title\" content=\"Piecer\u00edo para Mobiliario - FUNDICIONES G\u00d3MEZ, S.A.\" \/>\n<meta property=\"og:description\" content=\"Produciamo tutti i generi di accessori per mobili, come illustrato di seguito. Inviateci le vostre domande attraverso il nostro modulo di contatto e ti prepareremo una valutazione gratuita.\" \/>\n<meta property=\"og:url\" content=\"https:\/\/fundicionesgomez.com\/it\/categoria-prodotto\/parti-di-mobili\/\" \/>\n<meta property=\"og:site_name\" content=\"Fundiciones G\u00f3mez\" \/>\n<meta property=\"og:image\" content=\"https:\/\/fundicionesgomez.com\/WebRoot\/StoreES2\/Shops\/ea7741\/MediaGallery\/Categories\/Mobiliario\/manilla.jpg\" \/>\n<meta name=\"twitter:card\" content=\"summary_large_image\" \/>\n<script type=\"application\/ld+json\" class=\"yoast-schema-graph\">{\"@context\":\"https:\/\/schema.org\",\"@graph\":[{\"@type\":\"CollectionPage\",\"@id\":\"https:\/\/fundicionesgomez.com\/it\/categoria-prodotto\/parti-di-mobili\/\",\"url\":\"https:\/\/fundicionesgomez.com\/it\/categoria-prodotto\/parti-di-mobili\/\",\"name\":\"Piecer\u00edo para Mobiliario - FUNDICIONES G\u00d3MEZ, S.A.\",\"isPartOf\":{\"@id\":\"https:\/\/fundicionesgomez.com\/#website\"},\"breadcrumb\":{\"@id\":\"https:\/\/fundicionesgomez.com\/it\/categoria-prodotto\/parti-di-mobili\/#breadcrumb\"},\"inLanguage\":\"it-IT\"},{\"@type\":\"BreadcrumbList\",\"@id\":\"https:\/\/fundicionesgomez.com\/it\/categoria-prodotto\/parti-di-mobili\/#breadcrumb\",\"itemListElement\":[{\"@type\":\"ListItem\",\"position\":1,\"name\":\"Portada\",\"item\":\"https:\/\/fundicionesgomez.com\/it\/\"},{\"@type\":\"ListItem\",\"position\":2,\"name\":\"Parti di Mobili\"}]},{\"@type\":\"WebSite\",\"@id\":\"https:\/\/fundicionesgomez.com\/#website\",\"url\":\"https:\/\/fundicionesgomez.com\/\",\"name\":\"Fundiciones G\u00f3mez\",\"description\":\"piezas para la construcci\u00f3n, talleres met\u00e1licos, herrajes, sector del mueble, autom\u00f3vil, trabajos especiales, bajo plano...\",\"potentialAction\":[{\"@type\":\"SearchAction\",\"target\":{\"@type\":\"EntryPoint\",\"urlTemplate\":\"https:\/\/fundicionesgomez.com\/?s={search_term_string}\"},\"query-input\":{\"@type\":\"PropertyValueSpecification\",\"valueRequired\":true,\"valueName\":\"search_term_string\"}}],\"inLanguage\":\"it-IT\"}]}<\/script>\n<!-- \/ Yoast SEO plugin. -->","yoast_head_json":{"title":"Piecer\u00edo para Mobiliario - FUNDICIONES G\u00d3MEZ, S.A.","robots":{"index":"index","follow":"follow","max-snippet":"max-snippet:-1","max-image-preview":"max-image-preview:large","max-video-preview":"max-video-preview:-1"},"canonical":"https:\/\/fundicionesgomez.com\/it\/categoria-prodotto\/parti-di-mobili\/","og_locale":"it_IT","og_type":"article","og_title":"Piecer\u00edo para Mobiliario - FUNDICIONES G\u00d3MEZ, S.A.","og_description":"Produciamo tutti i generi di accessori per mobili, come illustrato di seguito. Inviateci le vostre domande attraverso il nostro modulo di contatto e ti prepareremo una valutazione gratuita.","og_url":"https:\/\/fundicionesgomez.com\/it\/categoria-prodotto\/parti-di-mobili\/","og_site_name":"Fundiciones G\u00f3mez","og_image":[{"url":"https:\/\/fundicionesgomez.com\/WebRoot\/StoreES2\/Shops\/ea7741\/MediaGallery\/Categories\/Mobiliario\/manilla.jpg","type":"","width":"","height":""}],"twitter_card":"summary_large_image","schema":{"@context":"https:\/\/schema.org","@graph":[{"@type":"CollectionPage","@id":"https:\/\/fundicionesgomez.com\/it\/categoria-prodotto\/parti-di-mobili\/","url":"https:\/\/fundicionesgomez.com\/it\/categoria-prodotto\/parti-di-mobili\/","name":"Piecer\u00edo para Mobiliario - FUNDICIONES G\u00d3MEZ, S.A.","isPartOf":{"@id":"https:\/\/fundicionesgomez.com\/#website"},"breadcrumb":{"@id":"https:\/\/fundicionesgomez.com\/it\/categoria-prodotto\/parti-di-mobili\/#breadcrumb"},"inLanguage":"it-IT"},{"@type":"BreadcrumbList","@id":"https:\/\/fundicionesgomez.com\/it\/categoria-prodotto\/parti-di-mobili\/#breadcrumb","itemListElement":[{"@type":"ListItem","position":1,"name":"Portada","item":"https:\/\/fundicionesgomez.com\/it\/"},{"@type":"ListItem","position":2,"name":"Parti di Mobili"}]},{"@type":"WebSite","@id":"https:\/\/fundicionesgomez.com\/#website","url":"https:\/\/fundicionesgomez.com\/","name":"Fundiciones G\u00f3mez","description":"piezas para la construcci\u00f3n, talleres met\u00e1licos, herrajes, sector del mueble, autom\u00f3vil, trabajos especiales, bajo plano...","potentialAction":[{"@type":"SearchAction","target":{"@type":"EntryPoint","urlTemplate":"https:\/\/fundicionesgomez.com\/?s={search_term_string}"},"query-input":{"@type":"PropertyValueSpecification","valueRequired":true,"valueName":"search_term_string"}}],"inLanguage":"it-IT"}]}},"_links":{"self":[{"href":"https:\/\/fundicionesgomez.com\/it\/wp-json\/wp\/v2\/product_cat\/154","targetHints":{"allow":["GET"]}}],"collection":[{"href":"https:\/\/fundicionesgomez.com\/it\/wp-json\/wp\/v2\/product_cat"}],"about":[{"href":"https:\/\/fundicionesgomez.com\/it\/wp-json\/wp\/v2\/taxonomies\/product_cat"}],"wp:post_type":[{"href":"https:\/\/fundicionesgomez.com\/it\/wp-json\/wp\/v2\/product?product_cat=154"}],"curies":[{"name":"wp","href":"https:\/\/api.w.org\/{rel}","templated":true}]}}