{"id":153,"count":0,"description":"<p style=\"text-align: center;\"><span style=\"font-family: Verdana, Arial, Helvetica; font-size: 12px; line-height: 16px;\">Fabriquem<\/span><span style=\"font-family: Verdana, Arial, Helvetica; font-size: 12px; line-height: 16px;\"> <\/span><span style=\"font-family: Verdana, Arial, Helvetica; font-size: 12px; line-height: 16px;\">tot tipus de<\/span><span style=\"font-family: Verdana, Arial, Helvetica; font-size: 12px; line-height: 16px;\"> <\/span><span style=\"font-family: Verdana, Arial, Helvetica; font-size: 12px; line-height: 16px;\">ferramentes<\/span><span style=\"font-family: Verdana, Arial, Helvetica; font-size: 12px; line-height: 16px;\"> <\/span><span style=\"font-family: Verdana, Arial, Helvetica; font-size: 12px; line-height: 16px;\">per a<\/span><span style=\"font-family: Verdana, Arial, Helvetica; font-size: 12px; line-height: 16px;\"> <\/span><span style=\"font-family: Verdana, Arial, Helvetica; font-size: 12px; line-height: 16px;\">mobles<\/span><span style=\"font-family: Verdana, Arial, Helvetica; font-size: 12px; line-height: 16px;\">, <\/span><span style=\"font-family: Verdana, Arial, Helvetica; font-size: 12px; line-height: 16px;\">com<\/span><span style=\"font-family: Verdana, Arial, Helvetica; font-size: 12px; line-height: 16px;\"> <\/span><span style=\"font-family: Verdana, Arial, Helvetica; font-size: 12px; line-height: 16px;\">es<\/span><span style=\"font-family: Verdana, Arial, Helvetica; font-size: 12px; line-height: 16px;\"> <\/span><span style=\"font-family: Verdana, Arial, Helvetica; font-size: 12px; line-height: 16px;\">pot<\/span><span style=\"font-family: Verdana, Arial, Helvetica; font-size: 12px; line-height: 16px;\"> <\/span><span style=\"font-family: Verdana, Arial, Helvetica; font-size: 12px; line-height: 16px;\">veure<\/span><span style=\"font-family: Verdana, Arial, Helvetica; font-size: 12px; line-height: 16px;\"> <\/span><span style=\"font-family: Verdana, Arial, Helvetica; font-size: 12px; line-height: 16px;\">a<\/span><span style=\"font-family: Verdana, Arial, Helvetica; font-size: 12px; line-height: 16px;\"> <\/span><span style=\"font-family: Verdana, Arial, Helvetica; font-size: 12px; line-height: 16px;\">continuaci\u00f3<\/span><span style=\"font-family: Verdana, Arial, Helvetica; font-size: 12px; line-height: 16px;\">. <\/span><span style=\"font-family: Verdana, Arial, Helvetica; font-size: 12px; line-height: 16px;\">Envi\u00ef'ns les seves<\/span><span style=\"font-family: Verdana, Arial, Helvetica; font-size: 12px; line-height: 16px;\"> <\/span><span style=\"font-family: Verdana, Arial, Helvetica; font-size: 12px; line-height: 16px;\">consultes<\/span><span style=\"font-family: Verdana, Arial, Helvetica; font-size: 12px; line-height: 16px;\"> <\/span><span style=\"font-family: Verdana, Arial, Helvetica; font-size: 12px; line-height: 16px;\">a trav\u00e9s del nostre<\/span><span style=\"font-family: Verdana, Arial, Helvetica; font-size: 12px; line-height: 16px;\"> <\/span><span style=\"font-family: Verdana, Arial, Helvetica; font-size: 12px; line-height: 16px;\"><\/span><a style=\"font-family: Verdana, Arial, Helvetica; font-size: 12px; line-height: 16px;\" href=\"http:\/\/\">formulari de contacte<\/a><span style=\"font-family: Verdana, Arial, Helvetica; font-size: 12px; line-height: 16px;\"><\/span><span style=\"font-family: Verdana, Arial, Helvetica; font-size: 12px; line-height: 16px;\"> <\/span><span style=\"font-family: Verdana, Arial, Helvetica; font-size: 12px; line-height: 16px;\">i<\/span><span style=\"font-family: Verdana, Arial, Helvetica; font-size: 12px; line-height: 16px;\"> <\/span><span style=\"font-family: Verdana, Arial, Helvetica; font-size: 12px; line-height: 16px;\">li<\/span><span style=\"font-family: Verdana, Arial, Helvetica; font-size: 12px; line-height: 16px;\"> <\/span><span style=\"font-family: Verdana, Arial, Helvetica; font-size: 12px; line-height: 16px;\">prepararem<\/span><span style=\"font-family: Verdana, Arial, Helvetica; font-size: 12px; line-height: 16px;\"> <\/span><span style=\"font-family: Verdana, Arial, Helvetica; font-size: 12px; line-height: 16px;\">un pressupost<\/span><span style=\"font-family: Verdana, Arial, Helvetica; font-size: 12px; line-height: 16px;\"> <\/span><span style=\"font-family: Verdana, Arial, Helvetica; font-size: 12px; line-height: 16px;\">sense<\/span><span style=\"font-family: Verdana, Arial, Helvetica; font-size: 12px; line-height: 16px;\"> <\/span><span style=\"font-family: Verdana, Arial, Helvetica; font-size: 12px; line-height: 16px;\">comprom\u00eds<\/span><span style=\"font-family: Verdana, Arial, Helvetica; font-size: 12px; line-height: 16px;\">.\u00a0<\/span><\/p> <table style=\"border-collapse: collapse; border-spacing: 0px; font-family: Verdana, Arial, Helvetica; font-size: 12px; line-height: 16px; color: #000000; min-width: 40px; min-height: 40px; width: 400px; height: 400px; border: 2px solid white; text-align: center;\"> <tbody style=\"border-style: solid !important; border-width: inherit !important;\"> <tr style=\"border-style: solid !important; border-width: inherit !important;\"> <td style=\"vertical-align: middle;\"> <p style=\"margin: 0px 0px 6px;\"><img alt=\"manilla.jpg\" src=\"\/WebRoot\/StoreES2\/Shops\/ea7741\/MediaGallery\/Categories\/Mobiliario\/manilla.jpg\" style=\"border: 0px; border-color: inherit !important; border-width: inherit !important;\" \/><\/p> <\/td> <td style=\"vertical-align: middle;\"><img alt=\"piezas_somieres.jpg\" src=\"\/WebRoot\/StoreES2\/Shops\/ea7741\/MediaGallery\/Categories\/Mobiliario\/piezas_somieres.jpg\" style=\"border: 0px; border-color: inherit !important; border-width: inherit !important;\" \/><br \/><\/td> <td style=\"vertical-align: middle;\"><img alt=\"pletina_somier.jpg\" src=\"\/WebRoot\/StoreES2\/Shops\/ea7741\/MediaGallery\/Categories\/Mobiliario\/pletina_somier.jpg\" style=\"border: 0px; border-color: inherit !important; border-width: inherit !important;\" \/><br \/><\/td> <\/tr> <tr style=\"border-style: solid !important; border-width: inherit !important;\"> <td style=\"vertical-align: middle;\"><img alt=\"cuelga_armarios.jpg\" src=\"\/WebRoot\/StoreES2\/Shops\/ea7741\/MediaGallery\/Categories\/Mobiliario\/cuelga_armarios.jpg\" style=\"border: 0px; border-color: inherit !important; border-width: inherit !important;\" \/><br \/><\/td> <td style=\"vertical-align: middle;\"><img alt=\"armarios_empotrados.jpg\" src=\"\/WebRoot\/StoreES2\/Shops\/ea7741\/MediaGallery\/Categories\/Mobiliario\/armarios_empotrados.jpg\" style=\"border: 0px; border-color: inherit !important; border-width: inherit !important;\" \/><br \/><\/td> <td style=\"vertical-align: middle;\"><img alt=\"espiga_2_roscas.jpg\" src=\"\/WebRoot\/StoreES2\/Shops\/ea7741\/MediaGallery\/Categories\/Mobiliario\/espiga_2_roscas.jpg\" style=\"border: 0px; border-color: inherit !important; border-width: inherit !important;\" \/><br \/><\/td> <\/tr> <tr style=\"border-style: solid !important; border-width: inherit !important;\"> <td style=\"vertical-align: middle;\"><img alt=\"escuadra_con_pivote.jpg\" src=\"\/WebRoot\/StoreES2\/Shops\/ea7741\/MediaGallery\/Categories\/Mobiliario\/escuadra_con_pivote.jpg\" style=\"border: 0px; border-color: inherit !important; border-width: inherit !important;\" \/><br \/><\/td> <td style=\"vertical-align: middle;\"><img alt=\"mecanismo_elevacion.jpg\" src=\"\/WebRoot\/StoreES2\/Shops\/ea7741\/MediaGallery\/Categories\/Mobiliario\/mecanismo_elevacion.jpg\" style=\"border: 0px; border-color: inherit !important; border-width: inherit !important;\" \/><br \/><\/td> <td style=\"vertical-align: middle;\"><img alt=\"arquillo_somier.jpg\" src=\"\/WebRoot\/StoreES2\/Shops\/ea7741\/MediaGallery\/Categories\/Mobiliario\/arquillo_somier.jpg\" style=\"border: 0px; border-color: inherit !important; border-width: inherit !important;\" \/><br \/><img alt=\"asa_somier.jpg\" src=\"\/WebRoot\/StoreES2\/Shops\/ea7741\/MediaGallery\/Categories\/Mobiliario\/asa_somier.jpg\" style=\"border: 0px; border-color: inherit !important; border-width: inherit !important;\" \/><br \/><br \/><\/td> <\/tr> <\/tbody> <\/table>","link":"https:\/\/fundicionesgomez.com\/ca\/categoria-producte\/peces-per-a-mobiliari\/","name":"Peces per a Mobiliari","slug":"peces-per-a-mobiliari","taxonomy":"product_cat","parent":0,"meta":[],"yoast_head":"<!-- This site is optimized with the Yoast SEO plugin v27.1.1 - https:\/\/yoast.com\/product\/yoast-seo-wordpress\/ -->\n<title>Piecer\u00edo para Mobiliario - FUNDICIONES G\u00d3MEZ, S.A.<\/title>\n<meta name=\"robots\" content=\"index, follow, max-snippet:-1, max-image-preview:large, max-video-preview:-1\" \/>\n<link rel=\"canonical\" href=\"https:\/\/fundicionesgomez.com\/ca\/categoria-producte\/peces-per-a-mobiliari\/\" \/>\n<meta property=\"og:locale\" content=\"ca_ES\" \/>\n<meta property=\"og:type\" content=\"article\" \/>\n<meta property=\"og:title\" content=\"Piecer\u00edo para Mobiliario - FUNDICIONES G\u00d3MEZ, S.A.\" \/>\n<meta property=\"og:description\" content=\"Fabriquem tot tipus de ferramentes per a mobles, com es pot veure a continuaci\u00f3. Envi\u00ef&#8217;ns les seves consultes a trav\u00e9s del nostre formulari de contacte i li prepararem un pressupost sense comprom\u00eds.\u00a0\" \/>\n<meta property=\"og:url\" content=\"https:\/\/fundicionesgomez.com\/ca\/categoria-producte\/peces-per-a-mobiliari\/\" \/>\n<meta property=\"og:site_name\" content=\"Fundiciones G\u00f3mez\" \/>\n<meta property=\"og:image\" content=\"https:\/\/fundicionesgomez.com\/WebRoot\/StoreES2\/Shops\/ea7741\/MediaGallery\/Categories\/Mobiliario\/manilla.jpg\" \/>\n<meta name=\"twitter:card\" content=\"summary_large_image\" \/>\n<script type=\"application\/ld+json\" class=\"yoast-schema-graph\">{\"@context\":\"https:\/\/schema.org\",\"@graph\":[{\"@type\":\"CollectionPage\",\"@id\":\"https:\/\/fundicionesgomez.com\/ca\/categoria-producte\/peces-per-a-mobiliari\/\",\"url\":\"https:\/\/fundicionesgomez.com\/ca\/categoria-producte\/peces-per-a-mobiliari\/\",\"name\":\"Piecer\u00edo para Mobiliario - FUNDICIONES G\u00d3MEZ, S.A.\",\"isPartOf\":{\"@id\":\"https:\/\/fundicionesgomez.com\/#website\"},\"breadcrumb\":{\"@id\":\"https:\/\/fundicionesgomez.com\/ca\/categoria-producte\/peces-per-a-mobiliari\/#breadcrumb\"},\"inLanguage\":\"ca\"},{\"@type\":\"BreadcrumbList\",\"@id\":\"https:\/\/fundicionesgomez.com\/ca\/categoria-producte\/peces-per-a-mobiliari\/#breadcrumb\",\"itemListElement\":[{\"@type\":\"ListItem\",\"position\":1,\"name\":\"Portada\",\"item\":\"https:\/\/fundicionesgomez.com\/ca\/\"},{\"@type\":\"ListItem\",\"position\":2,\"name\":\"Peces per a Mobiliari\"}]},{\"@type\":\"WebSite\",\"@id\":\"https:\/\/fundicionesgomez.com\/#website\",\"url\":\"https:\/\/fundicionesgomez.com\/\",\"name\":\"Fundiciones G\u00f3mez\",\"description\":\"piezas para la construcci\u00f3n, talleres met\u00e1licos, herrajes, sector del mueble, autom\u00f3vil, trabajos especiales, bajo plano...\",\"potentialAction\":[{\"@type\":\"SearchAction\",\"target\":{\"@type\":\"EntryPoint\",\"urlTemplate\":\"https:\/\/fundicionesgomez.com\/?s={search_term_string}\"},\"query-input\":{\"@type\":\"PropertyValueSpecification\",\"valueRequired\":true,\"valueName\":\"search_term_string\"}}],\"inLanguage\":\"ca\"}]}<\/script>\n<!-- \/ Yoast SEO plugin. -->","yoast_head_json":{"title":"Piecer\u00edo para Mobiliario - FUNDICIONES G\u00d3MEZ, S.A.","robots":{"index":"index","follow":"follow","max-snippet":"max-snippet:-1","max-image-preview":"max-image-preview:large","max-video-preview":"max-video-preview:-1"},"canonical":"https:\/\/fundicionesgomez.com\/ca\/categoria-producte\/peces-per-a-mobiliari\/","og_locale":"ca_ES","og_type":"article","og_title":"Piecer\u00edo para Mobiliario - FUNDICIONES G\u00d3MEZ, S.A.","og_description":"Fabriquem tot tipus de ferramentes per a mobles, com es pot veure a continuaci\u00f3. Envi\u00ef&#8217;ns les seves consultes a trav\u00e9s del nostre formulari de contacte i li prepararem un pressupost sense comprom\u00eds.\u00a0","og_url":"https:\/\/fundicionesgomez.com\/ca\/categoria-producte\/peces-per-a-mobiliari\/","og_site_name":"Fundiciones G\u00f3mez","og_image":[{"url":"https:\/\/fundicionesgomez.com\/WebRoot\/StoreES2\/Shops\/ea7741\/MediaGallery\/Categories\/Mobiliario\/manilla.jpg","type":"","width":"","height":""}],"twitter_card":"summary_large_image","schema":{"@context":"https:\/\/schema.org","@graph":[{"@type":"CollectionPage","@id":"https:\/\/fundicionesgomez.com\/ca\/categoria-producte\/peces-per-a-mobiliari\/","url":"https:\/\/fundicionesgomez.com\/ca\/categoria-producte\/peces-per-a-mobiliari\/","name":"Piecer\u00edo para Mobiliario - FUNDICIONES G\u00d3MEZ, S.A.","isPartOf":{"@id":"https:\/\/fundicionesgomez.com\/#website"},"breadcrumb":{"@id":"https:\/\/fundicionesgomez.com\/ca\/categoria-producte\/peces-per-a-mobiliari\/#breadcrumb"},"inLanguage":"ca"},{"@type":"BreadcrumbList","@id":"https:\/\/fundicionesgomez.com\/ca\/categoria-producte\/peces-per-a-mobiliari\/#breadcrumb","itemListElement":[{"@type":"ListItem","position":1,"name":"Portada","item":"https:\/\/fundicionesgomez.com\/ca\/"},{"@type":"ListItem","position":2,"name":"Peces per a Mobiliari"}]},{"@type":"WebSite","@id":"https:\/\/fundicionesgomez.com\/#website","url":"https:\/\/fundicionesgomez.com\/","name":"Fundiciones G\u00f3mez","description":"piezas para la construcci\u00f3n, talleres met\u00e1licos, herrajes, sector del mueble, autom\u00f3vil, trabajos especiales, bajo plano...","potentialAction":[{"@type":"SearchAction","target":{"@type":"EntryPoint","urlTemplate":"https:\/\/fundicionesgomez.com\/?s={search_term_string}"},"query-input":{"@type":"PropertyValueSpecification","valueRequired":true,"valueName":"search_term_string"}}],"inLanguage":"ca"}]}},"_links":{"self":[{"href":"https:\/\/fundicionesgomez.com\/ca\/wp-json\/wp\/v2\/product_cat\/153","targetHints":{"allow":["GET"]}}],"collection":[{"href":"https:\/\/fundicionesgomez.com\/ca\/wp-json\/wp\/v2\/product_cat"}],"about":[{"href":"https:\/\/fundicionesgomez.com\/ca\/wp-json\/wp\/v2\/taxonomies\/product_cat"}],"wp:post_type":[{"href":"https:\/\/fundicionesgomez.com\/ca\/wp-json\/wp\/v2\/product?product_cat=153"}],"curies":[{"name":"wp","href":"https:\/\/api.w.org\/{rel}","templated":true}]}}